{"id":10931,"date":"2021-03-23T10:52:22","date_gmt":"2021-03-23T09:52:22","guid":{"rendered":"https:\/\/www.exher.fr\/?p=10931"},"modified":"2021-04-21T12:20:35","modified_gmt":"2021-04-21T10:20:35","slug":"lile-et-vilaine-accelere-sa-transformation-numerique","status":"publish","type":"post","link":"https:\/\/www.exher.fr\/en\/lile-et-vilaine-accelere-sa-transformation-numerique\/","title":{"rendered":"L&rsquo;\u00cele-Et-Vilaine acc\u00e9l\u00e8re sa transformation num\u00e9rique"},"content":{"rendered":"<div data-elementor-type=\"wp-post\" data-elementor-id=\"10931\" class=\"elementor elementor-10931\">\n\t\t\t\t\t\t<section class=\"elementor-section elementor-top-section elementor-element elementor-element-93736d2 elementor-section-boxed elementor-section-height-default elementor-section-height-default\" data-id=\"93736d2\" data-element_type=\"section\" data-e-type=\"section\">\n\t\t\t\t\t\t<div class=\"elementor-container elementor-column-gap-default\">\n\t\t\t\t\t<div class=\"elementor-column elementor-col-100 elementor-top-column elementor-element elementor-element-50a85db\" data-id=\"50a85db\" data-element_type=\"column\" data-e-type=\"column\">\n\t\t\t<div class=\"elementor-widget-wrap elementor-element-populated\">\n\t\t\t\t\t\t<div class=\"elementor-element elementor-element-d2e42c2 elementor-widget elementor-widget-heading\" data-id=\"d2e42c2\" data-element_type=\"widget\" data-e-type=\"widget\" data-widget_type=\"heading.default\">\n\t\t\t\t<div class=\"elementor-widget-container\">\n\t\t\t\t\t<h2 class=\"elementor-heading-title elementor-size-default\">Le d\u00e9partement d'\u00cele-Et-Vilaine souhaite booster sa transformation digitale.<\/h2>\t\t\t\t<\/div>\n\t\t\t\t<\/div>\n\t\t\t\t\t<\/div>\n\t\t<\/div>\n\t\t\t\t\t<\/div>\n\t\t<\/section>\n\t\t\t\t<section class=\"elementor-section elementor-top-section elementor-element elementor-element-9da5b23 elementor-section-boxed elementor-section-height-default elementor-section-height-default\" data-id=\"9da5b23\" data-element_type=\"section\" data-e-type=\"section\">\n\t\t\t\t\t\t<div class=\"elementor-container elementor-column-gap-default\">\n\t\t\t\t\t<div class=\"elementor-column elementor-col-100 elementor-top-column elementor-element elementor-element-185d96a\" data-id=\"185d96a\" data-element_type=\"column\" data-e-type=\"column\">\n\t\t\t<div class=\"elementor-widget-wrap elementor-element-populated\">\n\t\t\t\t\t\t<div class=\"elementor-element elementor-element-66a563c elementor-widget elementor-widget-text-editor\" data-id=\"66a563c\" data-element_type=\"widget\" data-e-type=\"widget\" data-widget_type=\"text-editor.default\">\n\t\t\t\t<div class=\"elementor-widget-container\">\n\t\t\t\t\t\t\t\t\t<p>Situ\u00e9 dans l\u2019est de la r\u00e9gion Bretagne, le d\u00e9partement d&rsquo;\u00celle-et-Vilaine est l\u2019un des quatre d\u00e9partements de la r\u00e9gion Bretagne. Il contient 333 communes et pas moins de 1,076 Millions d&rsquo;habitants (selon l&rsquo;insee).<\/p><p>Fin 2018, le d\u00e9partement d&rsquo;\u00efle-Et-Vilaine a exprim\u00e9 son d\u00e9sir de booster sa transformation num\u00e9rique en entamant des d\u00e9marches ambitieuses d&rsquo;organisation, de strat\u00e9gie technologique et de portefeuille.<\/p><p>Les quatre repr\u00e9sentants du d\u00e9partement sont revenus sur cette transformation lors d&rsquo;un webinaire organis\u00e9 par \u00a0l&rsquo;\u00e9diteur Virage Group le 11 mars 2021 en \u00e9voquant le chemin d\u00e9j\u00e0 parcouru et en pr\u00e9sentant une feuille de route assez prometteuse.<\/p>\t\t\t\t\t\t\t\t<\/div>\n\t\t\t\t<\/div>\n\t\t\t\t\t<\/div>\n\t\t<\/div>\n\t\t\t\t\t<\/div>\n\t\t<\/section>\n\t\t\t\t<\/div>","protected":false},"excerpt":{"rendered":"<p>Le d\u00e9partement d&rsquo;\u00cele-Et-Vilaine souhaite booster sa transformation digitale. Situ\u00e9 dans l\u2019est de la r\u00e9gion Bretagne, le d\u00e9partement d&rsquo;\u00celle-et-Vilaine est l\u2019un des quatre d\u00e9partements de la r\u00e9gion Bretagne. Il contient 333 communes et pas moins de 1,076 Millions d&rsquo;habitants (selon l&rsquo;insee). Fin 2018, le d\u00e9partement d&rsquo;\u00efle-Et-Vilaine a exprim\u00e9 son d\u00e9sir de booster sa transformation num\u00e9rique en&hellip;<\/p>","protected":false},"author":2,"featured_media":11628,"comment_status":"open","ping_status":"open","sticky":false,"template":"","format":"standard","meta":{"_monsterinsights_skip_tracking":false,"_monsterinsights_sitenote_active":false,"_monsterinsights_sitenote_note":"","_monsterinsights_sitenote_category":0,"_glsr_average":0,"_glsr_ranking":0,"_glsr_reviews":0,"footnotes":""},"categories":[34],"tags":[],"class_list":["post-10931","post","type-post","status-publish","format-standard","has-post-thumbnail","hentry","category-news"],"aioseo_notices":[],"yoast_head":"<!-- This site is optimized with the Yoast SEO plugin v27.0 - https:\/\/yoast.com\/product\/yoast-seo-wordpress\/ -->\n<title>L&#039;\u00cele-Et-Vilaine acc\u00e9l\u00e8re sa transformation num\u00e9rique - Exher<\/title>\n<meta name=\"robots\" content=\"index, follow, max-snippet:-1, max-image-preview:large, max-video-preview:-1\" \/>\n<link rel=\"canonical\" href=\"https:\/\/www.exher.fr\/en\/lile-et-vilaine-accelere-sa-transformation-numerique\/\" \/>\n<meta property=\"og:locale\" content=\"en_GB\" \/>\n<meta property=\"og:type\" content=\"article\" \/>\n<meta property=\"og:title\" content=\"L&#039;\u00cele-Et-Vilaine acc\u00e9l\u00e8re sa transformation num\u00e9rique - Exher\" \/>\n<meta property=\"og:description\" content=\"Le d\u00e9partement d&rsquo;\u00cele-Et-Vilaine souhaite booster sa transformation digitale. Situ\u00e9 dans l\u2019est de la r\u00e9gion Bretagne, le d\u00e9partement d&rsquo;\u00celle-et-Vilaine est l\u2019un des quatre d\u00e9partements de la r\u00e9gion Bretagne. Il contient 333 communes et pas moins de 1,076 Millions d&rsquo;habitants (selon l&rsquo;insee). Fin 2018, le d\u00e9partement d&rsquo;\u00efle-Et-Vilaine a exprim\u00e9 son d\u00e9sir de booster sa transformation num\u00e9rique en&hellip;\" \/>\n<meta property=\"og:url\" content=\"https:\/\/www.exher.fr\/en\/lile-et-vilaine-accelere-sa-transformation-numerique\/\" \/>\n<meta property=\"og:site_name\" content=\"Exher\" \/>\n<meta property=\"article:publisher\" content=\"https:\/\/www.facebook.com\/exher\/\" \/>\n<meta property=\"article:published_time\" content=\"2021-03-23T09:52:22+00:00\" \/>\n<meta property=\"article:modified_time\" content=\"2021-04-21T10:20:35+00:00\" \/>\n<meta property=\"og:image\" content=\"https:\/\/www.exher.fr\/wp-content\/uploads\/2021\/03\/ile_vilaine.png\" \/>\n\t<meta property=\"og:image:width\" content=\"280\" \/>\n\t<meta property=\"og:image:height\" content=\"180\" \/>\n\t<meta property=\"og:image:type\" content=\"image\/png\" \/>\n<meta name=\"author\" content=\"Hernord EXCELLENT\" \/>\n<meta name=\"twitter:card\" content=\"summary_large_image\" \/>\n<meta name=\"twitter:creator\" content=\"@TwiterExher\" \/>\n<meta name=\"twitter:site\" content=\"@TwiterExher\" \/>\n<meta name=\"twitter:label1\" content=\"Written by\" \/>\n\t<meta name=\"twitter:data1\" content=\"Hernord EXCELLENT\" \/>\n\t<meta name=\"twitter:label2\" content=\"Estimated reading time\" \/>\n\t<meta name=\"twitter:data2\" content=\"1 minute\" \/>\n<script type=\"application\/ld+json\" class=\"yoast-schema-graph\">{\"@context\":\"https:\/\/schema.org\",\"@graph\":[{\"@type\":\"Article\",\"@id\":\"https:\/\/www.exher.fr\/lile-et-vilaine-accelere-sa-transformation-numerique\/#article\",\"isPartOf\":{\"@id\":\"https:\/\/www.exher.fr\/lile-et-vilaine-accelere-sa-transformation-numerique\/\"},\"author\":{\"name\":\"Hernord EXCELLENT\",\"@id\":\"https:\/\/www.exher.fr\/#\/schema\/person\/f9b573b283492e2833153d76ab6c5838\"},\"headline\":\"L&rsquo;\u00cele-Et-Vilaine acc\u00e9l\u00e8re sa transformation num\u00e9rique\",\"datePublished\":\"2021-03-23T09:52:22+00:00\",\"dateModified\":\"2021-04-21T10:20:35+00:00\",\"mainEntityOfPage\":{\"@id\":\"https:\/\/www.exher.fr\/lile-et-vilaine-accelere-sa-transformation-numerique\/\"},\"wordCount\":127,\"commentCount\":0,\"publisher\":{\"@id\":\"https:\/\/www.exher.fr\/#organization\"},\"image\":{\"@id\":\"https:\/\/www.exher.fr\/lile-et-vilaine-accelere-sa-transformation-numerique\/#primaryimage\"},\"thumbnailUrl\":\"https:\/\/www.exher.fr\/wp-content\/uploads\/2021\/03\/ile_vilaine.png\",\"articleSection\":[\"News\"],\"inLanguage\":\"en-GB\",\"potentialAction\":[{\"@type\":\"CommentAction\",\"name\":\"Comment\",\"target\":[\"https:\/\/www.exher.fr\/lile-et-vilaine-accelere-sa-transformation-numerique\/#respond\"]}]},{\"@type\":\"WebPage\",\"@id\":\"https:\/\/www.exher.fr\/lile-et-vilaine-accelere-sa-transformation-numerique\/\",\"url\":\"https:\/\/www.exher.fr\/lile-et-vilaine-accelere-sa-transformation-numerique\/\",\"name\":\"L'\u00cele-Et-Vilaine acc\u00e9l\u00e8re sa transformation num\u00e9rique - Exher\",\"isPartOf\":{\"@id\":\"https:\/\/www.exher.fr\/#website\"},\"primaryImageOfPage\":{\"@id\":\"https:\/\/www.exher.fr\/lile-et-vilaine-accelere-sa-transformation-numerique\/#primaryimage\"},\"image\":{\"@id\":\"https:\/\/www.exher.fr\/lile-et-vilaine-accelere-sa-transformation-numerique\/#primaryimage\"},\"thumbnailUrl\":\"https:\/\/www.exher.fr\/wp-content\/uploads\/2021\/03\/ile_vilaine.png\",\"datePublished\":\"2021-03-23T09:52:22+00:00\",\"dateModified\":\"2021-04-21T10:20:35+00:00\",\"breadcrumb\":{\"@id\":\"https:\/\/www.exher.fr\/lile-et-vilaine-accelere-sa-transformation-numerique\/#breadcrumb\"},\"inLanguage\":\"en-GB\",\"potentialAction\":[{\"@type\":\"ReadAction\",\"target\":[\"https:\/\/www.exher.fr\/lile-et-vilaine-accelere-sa-transformation-numerique\/\"]}]},{\"@type\":\"ImageObject\",\"inLanguage\":\"en-GB\",\"@id\":\"https:\/\/www.exher.fr\/lile-et-vilaine-accelere-sa-transformation-numerique\/#primaryimage\",\"url\":\"https:\/\/www.exher.fr\/wp-content\/uploads\/2021\/03\/ile_vilaine.png\",\"contentUrl\":\"https:\/\/www.exher.fr\/wp-content\/uploads\/2021\/03\/ile_vilaine.png\",\"width\":280,\"height\":180},{\"@type\":\"BreadcrumbList\",\"@id\":\"https:\/\/www.exher.fr\/lile-et-vilaine-accelere-sa-transformation-numerique\/#breadcrumb\",\"itemListElement\":[{\"@type\":\"ListItem\",\"position\":1,\"name\":\"Accueil\",\"item\":\"https:\/\/www.exher.fr\/\"},{\"@type\":\"ListItem\",\"position\":2,\"name\":\"L&#8217;\u00cele-Et-Vilaine acc\u00e9l\u00e8re sa transformation num\u00e9rique\"}]},{\"@type\":\"WebSite\",\"@id\":\"https:\/\/www.exher.fr\/#website\",\"url\":\"https:\/\/www.exher.fr\/\",\"name\":\"Exher\",\"description\":\"L&#039;informatique sans soucis\",\"publisher\":{\"@id\":\"https:\/\/www.exher.fr\/#organization\"},\"potentialAction\":[{\"@type\":\"SearchAction\",\"target\":{\"@type\":\"EntryPoint\",\"urlTemplate\":\"https:\/\/www.exher.fr\/?s={search_term_string}\"},\"query-input\":{\"@type\":\"PropertyValueSpecification\",\"valueRequired\":true,\"valueName\":\"search_term_string\"}}],\"inLanguage\":\"en-GB\"},{\"@type\":\"Organization\",\"@id\":\"https:\/\/www.exher.fr\/#organization\",\"name\":\"EXHER\",\"url\":\"https:\/\/www.exher.fr\/\",\"logo\":{\"@type\":\"ImageObject\",\"inLanguage\":\"en-GB\",\"@id\":\"https:\/\/www.exher.fr\/#\/schema\/logo\/image\/\",\"url\":\"https:\/\/www.exher.fr\/wp-content\/uploads\/2019\/04\/exher2.png\",\"contentUrl\":\"https:\/\/www.exher.fr\/wp-content\/uploads\/2019\/04\/exher2.png\",\"width\":1772,\"height\":1022,\"caption\":\"EXHER\"},\"image\":{\"@id\":\"https:\/\/www.exher.fr\/#\/schema\/logo\/image\/\"},\"sameAs\":[\"https:\/\/www.facebook.com\/exher\/\",\"https:\/\/x.com\/TwiterExher\",\"https:\/\/www.instagram.com\/exher1\/\",\"https:\/\/www.linkedin.com\/feed\/\"]},{\"@type\":\"Person\",\"@id\":\"https:\/\/www.exher.fr\/#\/schema\/person\/f9b573b283492e2833153d76ab6c5838\",\"name\":\"Hernord EXCELLENT\",\"image\":{\"@type\":\"ImageObject\",\"inLanguage\":\"en-GB\",\"@id\":\"https:\/\/www.exher.fr\/#\/schema\/person\/image\/\",\"url\":\"https:\/\/secure.gravatar.com\/avatar\/9e3209b4dc4544f7a21c1ea7090c4a1c6e4f74272f4e8d7621193919251b9d34?s=96&d=mm&r=g\",\"contentUrl\":\"https:\/\/secure.gravatar.com\/avatar\/9e3209b4dc4544f7a21c1ea7090c4a1c6e4f74272f4e8d7621193919251b9d34?s=96&d=mm&r=g\",\"caption\":\"Hernord EXCELLENT\"},\"url\":\"https:\/\/www.exher.fr\/en\/author\/hernord\/\"}]}<\/script>\n<!-- \/ Yoast SEO plugin. -->","yoast_head_json":{"title":"L'\u00cele-Et-Vilaine acc\u00e9l\u00e8re sa transformation num\u00e9rique - Exher","robots":{"index":"index","follow":"follow","max-snippet":"max-snippet:-1","max-image-preview":"max-image-preview:large","max-video-preview":"max-video-preview:-1"},"canonical":"https:\/\/www.exher.fr\/en\/lile-et-vilaine-accelere-sa-transformation-numerique\/","og_locale":"en_GB","og_type":"article","og_title":"L'\u00cele-Et-Vilaine acc\u00e9l\u00e8re sa transformation num\u00e9rique - Exher","og_description":"Le d\u00e9partement d&rsquo;\u00cele-Et-Vilaine souhaite booster sa transformation digitale. Situ\u00e9 dans l\u2019est de la r\u00e9gion Bretagne, le d\u00e9partement d&rsquo;\u00celle-et-Vilaine est l\u2019un des quatre d\u00e9partements de la r\u00e9gion Bretagne. Il contient 333 communes et pas moins de 1,076 Millions d&rsquo;habitants (selon l&rsquo;insee). Fin 2018, le d\u00e9partement d&rsquo;\u00efle-Et-Vilaine a exprim\u00e9 son d\u00e9sir de booster sa transformation num\u00e9rique en&hellip;","og_url":"https:\/\/www.exher.fr\/en\/lile-et-vilaine-accelere-sa-transformation-numerique\/","og_site_name":"Exher","article_publisher":"https:\/\/www.facebook.com\/exher\/","article_published_time":"2021-03-23T09:52:22+00:00","article_modified_time":"2021-04-21T10:20:35+00:00","og_image":[{"width":280,"height":180,"url":"https:\/\/www.exher.fr\/wp-content\/uploads\/2021\/03\/ile_vilaine.png","type":"image\/png"}],"author":"Hernord EXCELLENT","twitter_card":"summary_large_image","twitter_creator":"@TwiterExher","twitter_site":"@TwiterExher","twitter_misc":{"Written by":"Hernord EXCELLENT","Estimated reading time":"1 minute"},"schema":{"@context":"https:\/\/schema.org","@graph":[{"@type":"Article","@id":"https:\/\/www.exher.fr\/lile-et-vilaine-accelere-sa-transformation-numerique\/#article","isPartOf":{"@id":"https:\/\/www.exher.fr\/lile-et-vilaine-accelere-sa-transformation-numerique\/"},"author":{"name":"Hernord EXCELLENT","@id":"https:\/\/www.exher.fr\/#\/schema\/person\/f9b573b283492e2833153d76ab6c5838"},"headline":"L&rsquo;\u00cele-Et-Vilaine acc\u00e9l\u00e8re sa transformation num\u00e9rique","datePublished":"2021-03-23T09:52:22+00:00","dateModified":"2021-04-21T10:20:35+00:00","mainEntityOfPage":{"@id":"https:\/\/www.exher.fr\/lile-et-vilaine-accelere-sa-transformation-numerique\/"},"wordCount":127,"commentCount":0,"publisher":{"@id":"https:\/\/www.exher.fr\/#organization"},"image":{"@id":"https:\/\/www.exher.fr\/lile-et-vilaine-accelere-sa-transformation-numerique\/#primaryimage"},"thumbnailUrl":"https:\/\/www.exher.fr\/wp-content\/uploads\/2021\/03\/ile_vilaine.png","articleSection":["News"],"inLanguage":"en-GB","potentialAction":[{"@type":"CommentAction","name":"Comment","target":["https:\/\/www.exher.fr\/lile-et-vilaine-accelere-sa-transformation-numerique\/#respond"]}]},{"@type":"WebPage","@id":"https:\/\/www.exher.fr\/lile-et-vilaine-accelere-sa-transformation-numerique\/","url":"https:\/\/www.exher.fr\/lile-et-vilaine-accelere-sa-transformation-numerique\/","name":"L'\u00cele-Et-Vilaine acc\u00e9l\u00e8re sa transformation num\u00e9rique - Exher","isPartOf":{"@id":"https:\/\/www.exher.fr\/#website"},"primaryImageOfPage":{"@id":"https:\/\/www.exher.fr\/lile-et-vilaine-accelere-sa-transformation-numerique\/#primaryimage"},"image":{"@id":"https:\/\/www.exher.fr\/lile-et-vilaine-accelere-sa-transformation-numerique\/#primaryimage"},"thumbnailUrl":"https:\/\/www.exher.fr\/wp-content\/uploads\/2021\/03\/ile_vilaine.png","datePublished":"2021-03-23T09:52:22+00:00","dateModified":"2021-04-21T10:20:35+00:00","breadcrumb":{"@id":"https:\/\/www.exher.fr\/lile-et-vilaine-accelere-sa-transformation-numerique\/#breadcrumb"},"inLanguage":"en-GB","potentialAction":[{"@type":"ReadAction","target":["https:\/\/www.exher.fr\/lile-et-vilaine-accelere-sa-transformation-numerique\/"]}]},{"@type":"ImageObject","inLanguage":"en-GB","@id":"https:\/\/www.exher.fr\/lile-et-vilaine-accelere-sa-transformation-numerique\/#primaryimage","url":"https:\/\/www.exher.fr\/wp-content\/uploads\/2021\/03\/ile_vilaine.png","contentUrl":"https:\/\/www.exher.fr\/wp-content\/uploads\/2021\/03\/ile_vilaine.png","width":280,"height":180},{"@type":"BreadcrumbList","@id":"https:\/\/www.exher.fr\/lile-et-vilaine-accelere-sa-transformation-numerique\/#breadcrumb","itemListElement":[{"@type":"ListItem","position":1,"name":"Accueil","item":"https:\/\/www.exher.fr\/"},{"@type":"ListItem","position":2,"name":"L&#8217;\u00cele-Et-Vilaine acc\u00e9l\u00e8re sa transformation num\u00e9rique"}]},{"@type":"WebSite","@id":"https:\/\/www.exher.fr\/#website","url":"https:\/\/www.exher.fr\/","name":"Exher","description":"IT without worries","publisher":{"@id":"https:\/\/www.exher.fr\/#organization"},"potentialAction":[{"@type":"SearchAction","target":{"@type":"EntryPoint","urlTemplate":"https:\/\/www.exher.fr\/?s={search_term_string}"},"query-input":{"@type":"PropertyValueSpecification","valueRequired":true,"valueName":"search_term_string"}}],"inLanguage":"en-GB"},{"@type":"Organization","@id":"https:\/\/www.exher.fr\/#organization","name":"EXHER","url":"https:\/\/www.exher.fr\/","logo":{"@type":"ImageObject","inLanguage":"en-GB","@id":"https:\/\/www.exher.fr\/#\/schema\/logo\/image\/","url":"https:\/\/www.exher.fr\/wp-content\/uploads\/2019\/04\/exher2.png","contentUrl":"https:\/\/www.exher.fr\/wp-content\/uploads\/2019\/04\/exher2.png","width":1772,"height":1022,"caption":"EXHER"},"image":{"@id":"https:\/\/www.exher.fr\/#\/schema\/logo\/image\/"},"sameAs":["https:\/\/www.facebook.com\/exher\/","https:\/\/x.com\/TwiterExher","https:\/\/www.instagram.com\/exher1\/","https:\/\/www.linkedin.com\/feed\/"]},{"@type":"Person","@id":"https:\/\/www.exher.fr\/#\/schema\/person\/f9b573b283492e2833153d76ab6c5838","name":"Hernord EXCELLENT","image":{"@type":"ImageObject","inLanguage":"en-GB","@id":"https:\/\/www.exher.fr\/#\/schema\/person\/image\/","url":"https:\/\/secure.gravatar.com\/avatar\/9e3209b4dc4544f7a21c1ea7090c4a1c6e4f74272f4e8d7621193919251b9d34?s=96&d=mm&r=g","contentUrl":"https:\/\/secure.gravatar.com\/avatar\/9e3209b4dc4544f7a21c1ea7090c4a1c6e4f74272f4e8d7621193919251b9d34?s=96&d=mm&r=g","caption":"Hernord EXCELLENT"},"url":"https:\/\/www.exher.fr\/en\/author\/hernord\/"}]}},"_links":{"self":[{"href":"https:\/\/www.exher.fr\/en\/wp-json\/wp\/v2\/posts\/10931","targetHints":{"allow":["GET"]}}],"collection":[{"href":"https:\/\/www.exher.fr\/en\/wp-json\/wp\/v2\/posts"}],"about":[{"href":"https:\/\/www.exher.fr\/en\/wp-json\/wp\/v2\/types\/post"}],"author":[{"embeddable":true,"href":"https:\/\/www.exher.fr\/en\/wp-json\/wp\/v2\/users\/2"}],"replies":[{"embeddable":true,"href":"https:\/\/www.exher.fr\/en\/wp-json\/wp\/v2\/comments?post=10931"}],"version-history":[{"count":11,"href":"https:\/\/www.exher.fr\/en\/wp-json\/wp\/v2\/posts\/10931\/revisions"}],"predecessor-version":[{"id":11632,"href":"https:\/\/www.exher.fr\/en\/wp-json\/wp\/v2\/posts\/10931\/revisions\/11632"}],"wp:featuredmedia":[{"embeddable":true,"href":"https:\/\/www.exher.fr\/en\/wp-json\/wp\/v2\/media\/11628"}],"wp:attachment":[{"href":"https:\/\/www.exher.fr\/en\/wp-json\/wp\/v2\/media?parent=10931"}],"wp:term":[{"taxonomy":"category","embeddable":true,"href":"https:\/\/www.exher.fr\/en\/wp-json\/wp\/v2\/categories?post=10931"},{"taxonomy":"post_tag","embeddable":true,"href":"https:\/\/www.exher.fr\/en\/wp-json\/wp\/v2\/tags?post=10931"}],"curies":[{"name":"wp","href":"https:\/\/api.w.org\/{rel}","templated":true}]}}